{"id":910,"date":"2018-01-26T12:46:34","date_gmt":"2018-01-26T11:46:34","guid":{"rendered":"https:\/\/obiaddlataty.pl\/?p=910"},"modified":"2018-02-09T11:47:03","modified_gmt":"2018-02-09T10:47:03","slug":"racuchy-waniliowe-z-jogurtem-greckim","status":"publish","type":"post","link":"https:\/\/obiaddlataty.pl\/index.php\/2018\/01\/26\/racuchy-waniliowe-z-jogurtem-greckim\/","title":{"rendered":"Racuchy waniliowe z jogurtem greckim"},"content":{"rendered":"<p><img loading=\"lazy\" decoding=\"async\" class=\"alignnone wp-image-919 size-large\" src=\"https:\/\/obiaddlataty.pl\/wp-content\/uploads\/2018\/01\/racuchy-waniliowe-z-jogurtem-greckim-1024x660.jpg\" alt=\"Racuchy waniliowe z jogurtem greckim\" width=\"625\" height=\"403\" srcset=\"https:\/\/obiaddlataty.pl\/wp-content\/uploads\/2018\/01\/racuchy-waniliowe-z-jogurtem-greckim-1024x660.jpg 1024w, https:\/\/obiaddlataty.pl\/wp-content\/uploads\/2018\/01\/racuchy-waniliowe-z-jogurtem-greckim-600x387.jpg 600w, https:\/\/obiaddlataty.pl\/wp-content\/uploads\/2018\/01\/racuchy-waniliowe-z-jogurtem-greckim-300x193.jpg 300w, https:\/\/obiaddlataty.pl\/wp-content\/uploads\/2018\/01\/racuchy-waniliowe-z-jogurtem-greckim-768x495.jpg 768w, https:\/\/obiaddlataty.pl\/wp-content\/uploads\/2018\/01\/racuchy-waniliowe-z-jogurtem-greckim-960x619.jpg 960w, https:\/\/obiaddlataty.pl\/wp-content\/uploads\/2018\/01\/racuchy-waniliowe-z-jogurtem-greckim.jpg 1999w\" sizes=\"auto, (max-width: 625px) 100vw, 625px\" \/><\/p>\n<p>Sk\u0142adniki:<\/p>\n<ul>\n<li>400 g m\u0105ki pszennej<\/li>\n<li>30 g dro\u017cd\u017cy<\/li>\n<li>1 du\u017ce jajko<\/li>\n<li>2 \u0142y\u017ceczki cukru z dodatkiem wanilii lub ziarenka z 1 laski \u015bwie\u017cej wanilii<\/li>\n<li>1 \u0142y\u017ceczka cukru<\/li>\n<li>330 ml letniej wody<\/li>\n<li>Szczypta soli<\/li>\n<li>Jogurt grecki<\/li>\n<li>Owoce do dekoracji<\/li>\n<li>Olej ro\u015blinny do sma\u017cenia<\/li>\n<\/ul>\n<p><!--more--><\/p>\n<p>Wykonanie:<\/p>\n<p>Dro\u017cd\u017ce wkruszy\u0107 do szklanki, zasypa\u0107 \u0142y\u017ceczk\u0105 cukru i doda\u0107 odrobin\u0119 wody. Wymiesza\u0107 i odstawi\u0107 na 10 min w ciep\u0142e miejsce, aby dro\u017cd\u017ce si\u0119 \"ruszy\u0142y\".<\/p>\n<p>Do miski wsypa\u0107 m\u0105k\u0119, doda\u0107 jajko, cukier, s\u00f3l, rozczyn z dro\u017cd\u017cy i wod\u0119. \u00a0Wszystko dok\u0142adnie wymiesza\u0107 na g\u0142adk\u0105 mas\u0119. \u00a0Ciasto odstawi\u0107 na ok. 20 min.<\/p>\n<p>Na patelni rozgrza\u0107 olej. Sma\u017cy\u0107 placki, nak\u0142adaj\u0105c \u0142y\u017ck\u0105 niewielkie kleksy na patelni\u0119, do uzyskania rumianego koloru z obydwu stron. Gotowe racuchy, prze\u0142o\u017cy\u0107 na r\u0119cznik papierowy i ods\u0105czy\u0107 z nadmiaru oleju.<\/p>\n<p>Podawa\u0107 z zimnym jogurtem greckim , cukrem pudrem oraz ulubionymi owocami.<\/p>\n","protected":false},"excerpt":{"rendered":"<p>Sk\u0142adniki: 400 g m\u0105ki pszennej 30 g dro\u017cd\u017cy 1 du\u017ce jajko 2 \u0142y\u017ceczki cukru z dodatkiem wanilii lub ziarenka z 1 laski \u015bwie\u017cej wanilii 1 \u0142y\u017ceczka cukru 330 ml letniej wody Szczypta soli Jogurt grecki Owoce do dekoracji Olej ro\u015blinny do sma\u017cenia<\/p>\n","protected":false},"author":1,"featured_media":919,"comment_status":"open","ping_status":"open","sticky":false,"template":"","format":"standard","meta":{"footnotes":""},"categories":[7,8,5,4],"tags":[176,21,22,20,92,184,50],"class_list":["post-910","post","type-post","status-publish","format-standard","has-post-thumbnail","category-deser","category-kolacja","category-obiad","category-sniadanie","tag-danie-wegetarianskie","tag-nalesniki","tag-pancaces","tag-placki","tag-pychotka","tag-racuchy","tag-wege","h-entry","hentry","h-as-article"],"aioseo_notices":[],"aioseo_head":"\n\t\t<!-- All in One SEO 5.0.1 - aioseo.com -->\n\t<meta name=\"description\" content=\"Przepis na pyszne racuchy waniliowe. W przepisie podawane z jogurtem naturalnym, cukrem pudrem oraz ulubionymi owocami.\" \/>\n\t<meta name=\"robots\" content=\"max-snippet:-1, max-image-preview:large, max-video-preview:-1\" \/>\n\t<meta name=\"author\" content=\"Sylwia\"\/>\n\t<link rel=\"canonical\" href=\"https:\/\/obiaddlataty.pl\/index.php\/2018\/01\/26\/racuchy-waniliowe-z-jogurtem-greckim\/\" \/>\n\t<meta name=\"generator\" content=\"All in One SEO (AIOSEO) 5.0.1\" \/>\n\t\t<meta property=\"og:locale\" content=\"pl_PL\" \/>\n\t\t<meta property=\"og:site_name\" content=\"Obiad dla Taty | Gotuj z Dro\u017cd\u017c\u00f3wk\u0105\" \/>\n\t\t<meta property=\"og:type\" content=\"article\" \/>\n\t\t<meta property=\"og:title\" content=\"Racuchy waniliowe z jogurtem greckim | Obiad dla Taty\" \/>\n\t\t<meta property=\"og:description\" content=\"Przepis na pyszne racuchy waniliowe. W przepisie podawane z jogurtem naturalnym, cukrem pudrem oraz ulubionymi owocami.\" \/>\n\t\t<meta property=\"og:url\" content=\"https:\/\/obiaddlataty.pl\/index.php\/2018\/01\/26\/racuchy-waniliowe-z-jogurtem-greckim\/\" \/>\n\t\t<meta property=\"article:published_time\" content=\"2018-01-26T11:46:34+00:00\" \/>\n\t\t<meta property=\"article:modified_time\" content=\"2018-02-09T10:47:03+00:00\" \/>\n\t\t<meta name=\"twitter:card\" content=\"summary\" \/>\n\t\t<meta name=\"twitter:title\" content=\"Racuchy waniliowe z jogurtem greckim | Obiad dla Taty\" \/>\n\t\t<meta name=\"twitter:description\" content=\"Przepis na pyszne racuchy waniliowe. W przepisie podawane z jogurtem naturalnym, cukrem pudrem oraz ulubionymi owocami.\" \/>\n\t\t<script type=\"application\/ld+json\" class=\"aioseo-schema\">\n\t\t\t{\"@context\":\"https:\\\/\\\/schema.org\",\"@graph\":[{\"@type\":\"Article\",\"@id\":\"https:\\\/\\\/obiaddlataty.pl\\\/index.php\\\/2018\\\/01\\\/26\\\/racuchy-waniliowe-z-jogurtem-greckim\\\/#article\",\"name\":\"Racuchy waniliowe z jogurtem greckim | Obiad dla Taty\",\"headline\":\"Racuchy waniliowe z jogurtem greckim\",\"author\":{\"@id\":\"https:\\\/\\\/obiaddlataty.pl\\\/index.php\\\/author\\\/sylwia\\\/#author\"},\"publisher\":{\"@id\":\"https:\\\/\\\/obiaddlataty.pl\\\/#organization\"},\"image\":{\"@type\":\"ImageObject\",\"url\":\"https:\\\/\\\/obiaddlataty.pl\\\/wp-content\\\/uploads\\\/2018\\\/01\\\/racuchy-waniliowe-z-jogurtem-greckim.jpg\",\"width\":1999,\"height\":1289,\"caption\":\"Racuchy waniliowe z jogurtem greckim\"},\"datePublished\":\"2018-01-26T12:46:34+01:00\",\"dateModified\":\"2018-02-09T11:47:03+01:00\",\"inLanguage\":\"pl-PL\",\"commentCount\":4,\"mainEntityOfPage\":{\"@id\":\"https:\\\/\\\/obiaddlataty.pl\\\/index.php\\\/2018\\\/01\\\/26\\\/racuchy-waniliowe-z-jogurtem-greckim\\\/#webpage\"},\"isPartOf\":{\"@id\":\"https:\\\/\\\/obiaddlataty.pl\\\/index.php\\\/2018\\\/01\\\/26\\\/racuchy-waniliowe-z-jogurtem-greckim\\\/#webpage\"},\"articleSection\":\"Deser, Kolacja, Obiad, \\u015aniadanie, Danie wegetaria\\u0144skie, Nale\\u015bniki, Pancaces, Placki, Pychotka, Racuchy, Wege\"},{\"@type\":\"BreadcrumbList\",\"@id\":\"https:\\\/\\\/obiaddlataty.pl\\\/index.php\\\/2018\\\/01\\\/26\\\/racuchy-waniliowe-z-jogurtem-greckim\\\/#breadcrumblist\",\"itemListElement\":[{\"@type\":\"ListItem\",\"@id\":\"https:\\\/\\\/obiaddlataty.pl#listItem\",\"position\":1,\"name\":\"Home\",\"item\":\"https:\\\/\\\/obiaddlataty.pl\",\"nextItem\":{\"@type\":\"ListItem\",\"@id\":\"https:\\\/\\\/obiaddlataty.pl\\\/index.php\\\/category\\\/sniadanie\\\/#listItem\",\"name\":\"\\u015aniadanie\"}},{\"@type\":\"ListItem\",\"@id\":\"https:\\\/\\\/obiaddlataty.pl\\\/index.php\\\/category\\\/sniadanie\\\/#listItem\",\"position\":2,\"name\":\"\\u015aniadanie\",\"item\":\"https:\\\/\\\/obiaddlataty.pl\\\/index.php\\\/category\\\/sniadanie\\\/\",\"nextItem\":{\"@type\":\"ListItem\",\"@id\":\"https:\\\/\\\/obiaddlataty.pl\\\/index.php\\\/2018\\\/01\\\/26\\\/racuchy-waniliowe-z-jogurtem-greckim\\\/#listItem\",\"name\":\"Racuchy waniliowe z jogurtem greckim\"},\"previousItem\":{\"@type\":\"ListItem\",\"@id\":\"https:\\\/\\\/obiaddlataty.pl#listItem\",\"name\":\"Home\"}},{\"@type\":\"ListItem\",\"@id\":\"https:\\\/\\\/obiaddlataty.pl\\\/index.php\\\/2018\\\/01\\\/26\\\/racuchy-waniliowe-z-jogurtem-greckim\\\/#listItem\",\"position\":3,\"name\":\"Racuchy waniliowe z jogurtem greckim\",\"previousItem\":{\"@type\":\"ListItem\",\"@id\":\"https:\\\/\\\/obiaddlataty.pl\\\/index.php\\\/category\\\/sniadanie\\\/#listItem\",\"name\":\"\\u015aniadanie\"}}]},{\"@type\":\"Organization\",\"@id\":\"https:\\\/\\\/obiaddlataty.pl\\\/#organization\",\"name\":\"Obiad dla Taty\",\"description\":\"Gotuj z Dro\\u017cd\\u017c\\u00f3wk\\u0105\",\"url\":\"https:\\\/\\\/obiaddlataty.pl\\\/\"},{\"@type\":\"Person\",\"@id\":\"https:\\\/\\\/obiaddlataty.pl\\\/index.php\\\/author\\\/sylwia\\\/#author\",\"url\":\"https:\\\/\\\/obiaddlataty.pl\\\/index.php\\\/author\\\/sylwia\\\/\",\"name\":\"Sylwia\",\"image\":{\"@type\":\"ImageObject\",\"@id\":\"https:\\\/\\\/obiaddlataty.pl\\\/index.php\\\/2018\\\/01\\\/26\\\/racuchy-waniliowe-z-jogurtem-greckim\\\/#authorImage\",\"url\":\"https:\\\/\\\/secure.gravatar.com\\\/avatar\\\/ef83cb8744d673fc67111721e6adf30a7d081220393d85953aee09b4d2f95db7?s=96&d=mm&r=g\",\"width\":96,\"height\":96,\"caption\":\"Sylwia\"}},{\"@type\":\"WebPage\",\"@id\":\"https:\\\/\\\/obiaddlataty.pl\\\/index.php\\\/2018\\\/01\\\/26\\\/racuchy-waniliowe-z-jogurtem-greckim\\\/#webpage\",\"url\":\"https:\\\/\\\/obiaddlataty.pl\\\/index.php\\\/2018\\\/01\\\/26\\\/racuchy-waniliowe-z-jogurtem-greckim\\\/\",\"name\":\"Racuchy waniliowe z jogurtem greckim | Obiad dla Taty\",\"description\":\"Przepis na pyszne racuchy waniliowe. W przepisie podawane z jogurtem naturalnym, cukrem pudrem oraz ulubionymi owocami.\",\"inLanguage\":\"pl-PL\",\"isPartOf\":{\"@id\":\"https:\\\/\\\/obiaddlataty.pl\\\/#website\"},\"breadcrumb\":{\"@id\":\"https:\\\/\\\/obiaddlataty.pl\\\/index.php\\\/2018\\\/01\\\/26\\\/racuchy-waniliowe-z-jogurtem-greckim\\\/#breadcrumblist\"},\"author\":{\"@id\":\"https:\\\/\\\/obiaddlataty.pl\\\/index.php\\\/author\\\/sylwia\\\/#author\"},\"creator\":{\"@id\":\"https:\\\/\\\/obiaddlataty.pl\\\/index.php\\\/author\\\/sylwia\\\/#author\"},\"image\":{\"@type\":\"ImageObject\",\"url\":\"https:\\\/\\\/obiaddlataty.pl\\\/wp-content\\\/uploads\\\/2018\\\/01\\\/racuchy-waniliowe-z-jogurtem-greckim.jpg\",\"@id\":\"https:\\\/\\\/obiaddlataty.pl\\\/index.php\\\/2018\\\/01\\\/26\\\/racuchy-waniliowe-z-jogurtem-greckim\\\/#mainImage\",\"width\":1999,\"height\":1289,\"caption\":\"Racuchy waniliowe z jogurtem greckim\"},\"primaryImageOfPage\":{\"@id\":\"https:\\\/\\\/obiaddlataty.pl\\\/index.php\\\/2018\\\/01\\\/26\\\/racuchy-waniliowe-z-jogurtem-greckim\\\/#mainImage\"},\"datePublished\":\"2018-01-26T12:46:34+01:00\",\"dateModified\":\"2018-02-09T11:47:03+01:00\"},{\"@type\":\"WebSite\",\"@id\":\"https:\\\/\\\/obiaddlataty.pl\\\/#website\",\"url\":\"https:\\\/\\\/obiaddlataty.pl\\\/\",\"name\":\"Obiad dla Taty\",\"description\":\"Gotuj z Dro\\u017cd\\u017c\\u00f3wk\\u0105\",\"inLanguage\":\"pl-PL\",\"publisher\":{\"@id\":\"https:\\\/\\\/obiaddlataty.pl\\\/#organization\"}}]}\n\t\t<\/script>\n\t\t<!-- All in One SEO -->\n\n","aioseo_head_json":{"title":"Racuchy waniliowe z jogurtem greckim | Obiad dla Taty","description":"Przepis na pyszne racuchy waniliowe. W przepisie podawane z jogurtem naturalnym, cukrem pudrem oraz ulubionymi owocami.","canonical_url":"https:\/\/obiaddlataty.pl\/index.php\/2018\/01\/26\/racuchy-waniliowe-z-jogurtem-greckim\/","robots":"max-snippet:-1, max-image-preview:large, max-video-preview:-1","keywords":"","webmasterTools":{"miscellaneous":""},"schema":{"@context":"https:\/\/schema.org","@graph":[{"@type":"Article","@id":"https:\/\/obiaddlataty.pl\/index.php\/2018\/01\/26\/racuchy-waniliowe-z-jogurtem-greckim\/#article","name":"Racuchy waniliowe z jogurtem greckim | Obiad dla Taty","headline":"Racuchy waniliowe z jogurtem greckim","author":{"@id":"https:\/\/obiaddlataty.pl\/index.php\/author\/sylwia\/#author"},"publisher":{"@id":"https:\/\/obiaddlataty.pl\/#organization"},"image":{"@type":"ImageObject","url":"https:\/\/obiaddlataty.pl\/wp-content\/uploads\/2018\/01\/racuchy-waniliowe-z-jogurtem-greckim.jpg","width":1999,"height":1289,"caption":"Racuchy waniliowe z jogurtem greckim"},"datePublished":"2018-01-26T12:46:34+01:00","dateModified":"2018-02-09T11:47:03+01:00","inLanguage":"pl-PL","commentCount":4,"mainEntityOfPage":{"@id":"https:\/\/obiaddlataty.pl\/index.php\/2018\/01\/26\/racuchy-waniliowe-z-jogurtem-greckim\/#webpage"},"isPartOf":{"@id":"https:\/\/obiaddlataty.pl\/index.php\/2018\/01\/26\/racuchy-waniliowe-z-jogurtem-greckim\/#webpage"},"articleSection":"Deser, Kolacja, Obiad, \u015aniadanie, Danie wegetaria\u0144skie, Nale\u015bniki, Pancaces, Placki, Pychotka, Racuchy, Wege"},{"@type":"BreadcrumbList","@id":"https:\/\/obiaddlataty.pl\/index.php\/2018\/01\/26\/racuchy-waniliowe-z-jogurtem-greckim\/#breadcrumblist","itemListElement":[{"@type":"ListItem","@id":"https:\/\/obiaddlataty.pl#listItem","position":1,"name":"Home","item":"https:\/\/obiaddlataty.pl","nextItem":{"@type":"ListItem","@id":"https:\/\/obiaddlataty.pl\/index.php\/category\/sniadanie\/#listItem","name":"\u015aniadanie"}},{"@type":"ListItem","@id":"https:\/\/obiaddlataty.pl\/index.php\/category\/sniadanie\/#listItem","position":2,"name":"\u015aniadanie","item":"https:\/\/obiaddlataty.pl\/index.php\/category\/sniadanie\/","nextItem":{"@type":"ListItem","@id":"https:\/\/obiaddlataty.pl\/index.php\/2018\/01\/26\/racuchy-waniliowe-z-jogurtem-greckim\/#listItem","name":"Racuchy waniliowe z jogurtem greckim"},"previousItem":{"@type":"ListItem","@id":"https:\/\/obiaddlataty.pl#listItem","name":"Home"}},{"@type":"ListItem","@id":"https:\/\/obiaddlataty.pl\/index.php\/2018\/01\/26\/racuchy-waniliowe-z-jogurtem-greckim\/#listItem","position":3,"name":"Racuchy waniliowe z jogurtem greckim","previousItem":{"@type":"ListItem","@id":"https:\/\/obiaddlataty.pl\/index.php\/category\/sniadanie\/#listItem","name":"\u015aniadanie"}}]},{"@type":"Organization","@id":"https:\/\/obiaddlataty.pl\/#organization","name":"Obiad dla Taty","description":"Gotuj z Dro\u017cd\u017c\u00f3wk\u0105","url":"https:\/\/obiaddlataty.pl\/"},{"@type":"Person","@id":"https:\/\/obiaddlataty.pl\/index.php\/author\/sylwia\/#author","url":"https:\/\/obiaddlataty.pl\/index.php\/author\/sylwia\/","name":"Sylwia","image":{"@type":"ImageObject","@id":"https:\/\/obiaddlataty.pl\/index.php\/2018\/01\/26\/racuchy-waniliowe-z-jogurtem-greckim\/#authorImage","url":"https:\/\/secure.gravatar.com\/avatar\/ef83cb8744d673fc67111721e6adf30a7d081220393d85953aee09b4d2f95db7?s=96&d=mm&r=g","width":96,"height":96,"caption":"Sylwia"}},{"@type":"WebPage","@id":"https:\/\/obiaddlataty.pl\/index.php\/2018\/01\/26\/racuchy-waniliowe-z-jogurtem-greckim\/#webpage","url":"https:\/\/obiaddlataty.pl\/index.php\/2018\/01\/26\/racuchy-waniliowe-z-jogurtem-greckim\/","name":"Racuchy waniliowe z jogurtem greckim | Obiad dla Taty","description":"Przepis na pyszne racuchy waniliowe. W przepisie podawane z jogurtem naturalnym, cukrem pudrem oraz ulubionymi owocami.","inLanguage":"pl-PL","isPartOf":{"@id":"https:\/\/obiaddlataty.pl\/#website"},"breadcrumb":{"@id":"https:\/\/obiaddlataty.pl\/index.php\/2018\/01\/26\/racuchy-waniliowe-z-jogurtem-greckim\/#breadcrumblist"},"author":{"@id":"https:\/\/obiaddlataty.pl\/index.php\/author\/sylwia\/#author"},"creator":{"@id":"https:\/\/obiaddlataty.pl\/index.php\/author\/sylwia\/#author"},"image":{"@type":"ImageObject","url":"https:\/\/obiaddlataty.pl\/wp-content\/uploads\/2018\/01\/racuchy-waniliowe-z-jogurtem-greckim.jpg","@id":"https:\/\/obiaddlataty.pl\/index.php\/2018\/01\/26\/racuchy-waniliowe-z-jogurtem-greckim\/#mainImage","width":1999,"height":1289,"caption":"Racuchy waniliowe z jogurtem greckim"},"primaryImageOfPage":{"@id":"https:\/\/obiaddlataty.pl\/index.php\/2018\/01\/26\/racuchy-waniliowe-z-jogurtem-greckim\/#mainImage"},"datePublished":"2018-01-26T12:46:34+01:00","dateModified":"2018-02-09T11:47:03+01:00"},{"@type":"WebSite","@id":"https:\/\/obiaddlataty.pl\/#website","url":"https:\/\/obiaddlataty.pl\/","name":"Obiad dla Taty","description":"Gotuj z Dro\u017cd\u017c\u00f3wk\u0105","inLanguage":"pl-PL","publisher":{"@id":"https:\/\/obiaddlataty.pl\/#organization"}}]},"og:locale":"pl_PL","og:site_name":"Obiad dla Taty | Gotuj z Dro\u017cd\u017c\u00f3wk\u0105","og:type":"article","og:title":"Racuchy waniliowe z jogurtem greckim | Obiad dla Taty","og:description":"Przepis na pyszne racuchy waniliowe. W przepisie podawane z jogurtem naturalnym, cukrem pudrem oraz ulubionymi owocami.","og:url":"https:\/\/obiaddlataty.pl\/index.php\/2018\/01\/26\/racuchy-waniliowe-z-jogurtem-greckim\/","article:published_time":"2018-01-26T11:46:34+00:00","article:modified_time":"2018-02-09T10:47:03+00:00","twitter:card":"summary","twitter:title":"Racuchy waniliowe z jogurtem greckim | Obiad dla Taty","twitter:description":"Przepis na pyszne racuchy waniliowe. W przepisie podawane z jogurtem naturalnym, cukrem pudrem oraz ulubionymi owocami."},"aioseo_meta_data":{"post_id":"910","title":null,"description":"Przepis na pyszne racuchy waniliowe. W przepisie podawane z jogurtem naturalnym, cukrem pudrem oraz ulubionymi owocami.","keywords":null,"keyphrases":null,"primary_term":null,"canonical_url":null,"og_title":null,"og_description":null,"og_object_type":"default","og_image_type":"default","og_image_url":null,"og_image_width":null,"og_image_height":null,"og_image_custom_url":null,"og_image_custom_fields":null,"og_video":null,"og_custom_url":null,"og_article_section":null,"og_article_tags":null,"twitter_use_og":false,"twitter_card":"default","twitter_image_type":"default","twitter_image_url":null,"twitter_image_custom_url":null,"twitter_image_custom_fields":null,"twitter_title":null,"twitter_description":null,"schema":{"blockGraphs":[],"customGraphs":[],"default":{"data":{"Article":[],"Course":[],"Dataset":[],"FAQPage":[],"Movie":[],"Person":[],"Product":[],"ProductReview":[],"Car":[],"Recipe":[],"Service":[],"SoftwareApplication":[],"WebPage":[]},"graphName":"","isEnabled":true},"graphs":[]},"schema_type":null,"schema_type_options":null,"pillar_content":false,"robots_default":true,"robots_noindex":false,"robots_noarchive":false,"robots_nosnippet":false,"robots_nofollow":false,"robots_noimageindex":false,"robots_noodp":false,"robots_notranslate":false,"robots_max_snippet":null,"robots_max_videopreview":null,"robots_max_imagepreview":"large","priority":null,"frequency":null,"location":null,"local_seo":null,"breadcrumb_settings":null,"limit_modified_date":false,"ai":null,"created":"2021-03-27 09:53:12","updated":"2022-09-19 11:55:21","focus_keyword":null,"additional_keywords":null,"truseo_locale":null,"seo_analyzer_scan_date":null},"_links":{"self":[{"href":"https:\/\/obiaddlataty.pl\/index.php\/wp-json\/wp\/v2\/posts\/910","targetHints":{"allow":["GET"]}}],"collection":[{"href":"https:\/\/obiaddlataty.pl\/index.php\/wp-json\/wp\/v2\/posts"}],"about":[{"href":"https:\/\/obiaddlataty.pl\/index.php\/wp-json\/wp\/v2\/types\/post"}],"author":[{"embeddable":true,"href":"https:\/\/obiaddlataty.pl\/index.php\/wp-json\/wp\/v2\/users\/1"}],"replies":[{"embeddable":true,"href":"https:\/\/obiaddlataty.pl\/index.php\/wp-json\/wp\/v2\/comments?post=910"}],"version-history":[{"count":0,"href":"https:\/\/obiaddlataty.pl\/index.php\/wp-json\/wp\/v2\/posts\/910\/revisions"}],"wp:featuredmedia":[{"embeddable":true,"href":"https:\/\/obiaddlataty.pl\/index.php\/wp-json\/wp\/v2\/media\/919"}],"wp:attachment":[{"href":"https:\/\/obiaddlataty.pl\/index.php\/wp-json\/wp\/v2\/media?parent=910"}],"wp:term":[{"taxonomy":"category","embeddable":true,"href":"https:\/\/obiaddlataty.pl\/index.php\/wp-json\/wp\/v2\/categories?post=910"},{"taxonomy":"post_tag","embeddable":true,"href":"https:\/\/obiaddlataty.pl\/index.php\/wp-json\/wp\/v2\/tags?post=910"}],"curies":[{"name":"wp","href":"https:\/\/api.w.org\/{rel}","templated":true}]}}