{"id":898,"date":"2018-01-24T07:46:23","date_gmt":"2018-01-24T06:46:23","guid":{"rendered":"https:\/\/obiaddlataty.pl\/?p=898"},"modified":"2018-02-09T11:47:10","modified_gmt":"2018-02-09T10:47:10","slug":"budyn-jaglany-z-owocami","status":"publish","type":"post","link":"https:\/\/obiaddlataty.pl\/index.php\/2018\/01\/24\/budyn-jaglany-z-owocami\/","title":{"rendered":"Budy\u0144 jaglany z owocami"},"content":{"rendered":"<p><img loading=\"lazy\" decoding=\"async\" class=\"alignnone wp-image-906 size-large\" src=\"https:\/\/obiaddlataty.pl\/wp-content\/uploads\/2018\/01\/budyn-jaglany-z-owocami-1024x768.jpg\" alt=\"Budy\u0144 jaglany z owocami\" width=\"625\" height=\"469\" srcset=\"https:\/\/obiaddlataty.pl\/wp-content\/uploads\/2018\/01\/budyn-jaglany-z-owocami-1024x768.jpg 1024w, https:\/\/obiaddlataty.pl\/wp-content\/uploads\/2018\/01\/budyn-jaglany-z-owocami-scaled-600x450.jpg 600w, https:\/\/obiaddlataty.pl\/wp-content\/uploads\/2018\/01\/budyn-jaglany-z-owocami-300x225.jpg 300w, https:\/\/obiaddlataty.pl\/wp-content\/uploads\/2018\/01\/budyn-jaglany-z-owocami-768x576.jpg 768w, https:\/\/obiaddlataty.pl\/wp-content\/uploads\/2018\/01\/budyn-jaglany-z-owocami-960x720.jpg 960w\" sizes=\"auto, (max-width: 625px) 100vw, 625px\" \/><\/p>\n<p>Sk\u0142adniki: (na 2 porcje)<\/p>\n<ul>\n<li>100 g kaszy jaglanej (1 torebka)<\/li>\n<li>600 ml mleka<\/li>\n<li>1 dojrza\u0142y banan<\/li>\n<li>1 \u0142y\u017cka miodu \u00a0(ja u\u017cy\u0142am syropu z agawy)<\/li>\n<li>Ulubione owoce do dekoracji (maliny jagody, truskawki)<\/li>\n<\/ul>\n<p><!--more--><\/p>\n<p>Wykonanie:<\/p>\n<p>Kasz\u0119 wyp\u0142uka\u0107 pod gor\u0105ca, bie\u017c\u0105c\u0105 wod\u0105 na sicie. Wsypa\u0107 do garnka, zala\u0107 po\u0142ow\u0105 mleka i gotowa\u0107 pod przykryciem na malusie\u0144kim ogniu do momentu, a\u017c stanie si\u0119 mi\u0119kka, a mleko ca\u0142kowicie j\u0105 wch\u0142onie. Ca\u0142o\u015b\u0107 lekko ostudzi\u0107, doda\u0107 pozosta\u0142\u0105 cz\u0119\u015b\u0107 mleka, pokrojonego w plastry banana i mi\u00f3d. Nast\u0119pnie zblendowa\u0107 wszystko na g\u0142adk\u0105 mas\u0119 bez grudek. Wy\u0142o\u017cy\u0107 do miseczki i udekorowa\u0107 owocami.<\/p>\n<p>Smacznego<\/p>\n","protected":false},"excerpt":{"rendered":"<p>Sk\u0142adniki: (na 2 porcje) 100 g kaszy jaglanej (1 torebka) 600 ml mleka 1 dojrza\u0142y banan 1 \u0142y\u017cka miodu \u00a0(ja u\u017cy\u0142am syropu z agawy) Ulubione owoce do dekoracji (maliny jagody, truskawki)<\/p>\n","protected":false},"author":1,"featured_media":906,"comment_status":"open","ping_status":"open","sticky":false,"template":"","format":"standard","meta":{"footnotes":""},"categories":[7,8,4],"tags":[183,77,79,124,96,135,50,159,16],"class_list":{"0":"post-898","1":"post","2":"type-post","3":"status-publish","4":"format-standard","5":"has-post-thumbnail","7":"category-deser","8":"category-kolacja","9":"category-sniadanie","10":"tag-budyn","11":"tag-kasza-jaglana","12":"tag-mleko","13":"tag-owoce","14":"tag-pycha","15":"tag-szybkie-danie","16":"tag-wege","17":"tag-zdrowe-jedzenie","18":"tag-zdrowe-sniadanie","19":"h-entry","20":"hentry","21":"h-as-article"},"aioseo_notices":[],"_links":{"self":[{"href":"https:\/\/obiaddlataty.pl\/index.php\/wp-json\/wp\/v2\/posts\/898","targetHints":{"allow":["GET"]}}],"collection":[{"href":"https:\/\/obiaddlataty.pl\/index.php\/wp-json\/wp\/v2\/posts"}],"about":[{"href":"https:\/\/obiaddlataty.pl\/index.php\/wp-json\/wp\/v2\/types\/post"}],"author":[{"embeddable":true,"href":"https:\/\/obiaddlataty.pl\/index.php\/wp-json\/wp\/v2\/users\/1"}],"replies":[{"embeddable":true,"href":"https:\/\/obiaddlataty.pl\/index.php\/wp-json\/wp\/v2\/comments?post=898"}],"version-history":[{"count":0,"href":"https:\/\/obiaddlataty.pl\/index.php\/wp-json\/wp\/v2\/posts\/898\/revisions"}],"wp:featuredmedia":[{"embeddable":true,"href":"https:\/\/obiaddlataty.pl\/index.php\/wp-json\/wp\/v2\/media\/906"}],"wp:attachment":[{"href":"https:\/\/obiaddlataty.pl\/index.php\/wp-json\/wp\/v2\/media?parent=898"}],"wp:term":[{"taxonomy":"category","embeddable":true,"href":"https:\/\/obiaddlataty.pl\/index.php\/wp-json\/wp\/v2\/categories?post=898"},{"taxonomy":"post_tag","embeddable":true,"href":"https:\/\/obiaddlataty.pl\/index.php\/wp-json\/wp\/v2\/tags?post=898"}],"curies":[{"name":"wp","href":"https:\/\/api.w.org\/{rel}","templated":true}]}}