{"id":1459,"date":"2019-02-10T22:27:21","date_gmt":"2019-02-10T21:27:21","guid":{"rendered":"https:\/\/obiaddlataty.pl\/?p=1459"},"modified":"2019-02-11T07:14:59","modified_gmt":"2019-02-11T06:14:59","slug":"babeczki-izaura","status":"publish","type":"post","link":"https:\/\/obiaddlataty.pl\/index.php\/2019\/02\/10\/babeczki-izaura\/","title":{"rendered":"Babeczki Izaura"},"content":{"rendered":"<p><img loading=\"lazy\" decoding=\"async\" class=\"alignnone wp-image-1464 size-large\" src=\"https:\/\/obiaddlataty.pl\/wp-content\/uploads\/2019\/02\/babeczki-isaura-1024x768.jpg\" alt=\"Babeczki Izaura\" width=\"625\" height=\"469\" srcset=\"https:\/\/obiaddlataty.pl\/wp-content\/uploads\/2019\/02\/babeczki-isaura-1024x768.jpg 1024w, https:\/\/obiaddlataty.pl\/wp-content\/uploads\/2019\/02\/babeczki-isaura-scaled-600x450.jpg 600w, https:\/\/obiaddlataty.pl\/wp-content\/uploads\/2019\/02\/babeczki-isaura-300x225.jpg 300w, https:\/\/obiaddlataty.pl\/wp-content\/uploads\/2019\/02\/babeczki-isaura-768x576.jpg 768w, https:\/\/obiaddlataty.pl\/wp-content\/uploads\/2019\/02\/babeczki-isaura-960x720.jpg 960w\" sizes=\"auto, (max-width: 625px) 100vw, 625px\" \/><\/p>\n<p>Sk\u0142adniki: (na 12 babeczek)<\/p>\n<ul>\n<li>250 g m\u0105ki pszennej<\/li>\n<li>3\/4 szklanki cukru<\/li>\n<li>1 \u0142y\u017ceczka proszku do pieczenia<\/li>\n<li>3 \u0142y\u017cki kakao<\/li>\n<li>1 szklanka mleka<\/li>\n<li>1\/2 szklanki oleju<\/li>\n<li>2 jajka<\/li>\n<li>1\/2 tabliczki gorzkiej czekolady<\/li>\n<\/ul>\n<p><!--more--><br \/>\nMasa serowa:<\/p>\n<ul>\n<li>190 g twarogu p\u00f3\u0142t\u0142ustego w kostce<\/li>\n<li>2 \u0142y\u017cki g\u0119stej \u015bmietany<\/li>\n<li>1 \u017c\u00f3\u0142tko<\/li>\n<li>Cukier wanilinowy<\/li>\n<li>1 \u0142y\u017cka cukru<\/li>\n<\/ul>\n<p>Wykonanie:<\/p>\n<p>Potrzebne s\u0105 2 miski, aby rozdzieli\u0107 sk\u0142adniki na suche i mokre. W pierwszej, mieszamy ze sob\u0105 m\u0105k\u0119, cukier, kakao oraz proszek do pieczenia, a tak\u017ce posiekan\u0105 czekolad\u0119. W drugim naczyniu, mieszamy jajka z mlekiem i olejem. Do suchych sk\u0142adnik\u00f3w wlewamy mokre. Nast\u0119pnie mieszamy ca\u0142o\u015b\u0107 kr\u00f3tko i niezbyt dok\u0142adnie, tylko do po\u0142\u0105czenia sk\u0142adnik\u00f3w ze sob\u0105. Je\u015bli b\u0119dziemy wyrabia\u0107 mas\u0119 d\u0142ugo i bardzo dok\u0142adnie, babeczki po upieczeniu mog\u0105 by\u0107 do\u015b\u0107 zbite.<\/p>\n<p>Ser blendujemy lub przeciskamy przez prask\u0119 dwukrotnie. Dodajemy pozosta\u0142e sk\u0142adniki i mieszamy.<\/p>\n<p>Gotowe ciasto wyk\u0142adamy do papilotek lub do formy na babeczki, wy\u0142o\u017conej papierem do pieczenia. Na wierzch ka\u017cdej babeczki wk\u0142adamy p\u00f3\u0142 \u0142y\u017cki masy serowej\u00a0(mniej wi\u0119cej tyle wyjdzie z przygotowanej masy na 12 sztuk). Nast\u0119pnie przy u\u017cyciu wyka\u0142aczki, delikatnie mieszamy warstw\u0119 serow\u0105 z czekoladow\u0105, ale \u0142\u0105czymy je ze sob\u0105 tylko z wierzchu, niezbyt g\u0142\u0119boko zanurzaj\u0105c patyczek.<\/p>\n<p>Pieczemy w rozgrzanym piekarniku oko\u0142o 25 min w 200 stopniach.<\/p>\n","protected":false},"excerpt":{"rendered":"<p>Sk\u0142adniki: (na 12 babeczek) 250 g m\u0105ki pszennej 3\/4 szklanki cukru 1 \u0142y\u017ceczka proszku do pieczenia 3 \u0142y\u017cki kakao 1 szklanka mleka 1\/2 szklanki oleju 2 jajka 1\/2 tabliczki gorzkiej czekolady<\/p>\n","protected":false},"author":1,"featured_media":1464,"comment_status":"open","ping_status":"open","sticky":false,"template":"","format":"standard","meta":{"footnotes":""},"categories":[7,8,4],"tags":[28,9,282,318,319,130,107,293,320],"class_list":{"0":"post-1459","1":"post","2":"type-post","3":"status-publish","4":"format-standard","5":"has-post-thumbnail","7":"category-deser","8":"category-kolacja","9":"category-sniadanie","10":"tag-babeczki","11":"tag-deser","12":"tag-domowe-wypieki","13":"tag-isaura","14":"tag-izaura","15":"tag-muffinki","16":"tag-ser","17":"tag-serowe","18":"tag-slodycze","19":"h-entry","20":"hentry","21":"h-as-article"},"aioseo_notices":[],"_links":{"self":[{"href":"https:\/\/obiaddlataty.pl\/index.php\/wp-json\/wp\/v2\/posts\/1459","targetHints":{"allow":["GET"]}}],"collection":[{"href":"https:\/\/obiaddlataty.pl\/index.php\/wp-json\/wp\/v2\/posts"}],"about":[{"href":"https:\/\/obiaddlataty.pl\/index.php\/wp-json\/wp\/v2\/types\/post"}],"author":[{"embeddable":true,"href":"https:\/\/obiaddlataty.pl\/index.php\/wp-json\/wp\/v2\/users\/1"}],"replies":[{"embeddable":true,"href":"https:\/\/obiaddlataty.pl\/index.php\/wp-json\/wp\/v2\/comments?post=1459"}],"version-history":[{"count":0,"href":"https:\/\/obiaddlataty.pl\/index.php\/wp-json\/wp\/v2\/posts\/1459\/revisions"}],"wp:featuredmedia":[{"embeddable":true,"href":"https:\/\/obiaddlataty.pl\/index.php\/wp-json\/wp\/v2\/media\/1464"}],"wp:attachment":[{"href":"https:\/\/obiaddlataty.pl\/index.php\/wp-json\/wp\/v2\/media?parent=1459"}],"wp:term":[{"taxonomy":"category","embeddable":true,"href":"https:\/\/obiaddlataty.pl\/index.php\/wp-json\/wp\/v2\/categories?post=1459"},{"taxonomy":"post_tag","embeddable":true,"href":"https:\/\/obiaddlataty.pl\/index.php\/wp-json\/wp\/v2\/tags?post=1459"}],"curies":[{"name":"wp","href":"https:\/\/api.w.org\/{rel}","templated":true}]}}