{"id":1343,"date":"2018-08-27T11:30:24","date_gmt":"2018-08-27T09:30:24","guid":{"rendered":"https:\/\/obiaddlataty.pl\/?p=1343"},"modified":"2018-08-31T14:05:22","modified_gmt":"2018-08-31T12:05:22","slug":"krucha-tarta-z-budyniem-i-mascarpone","status":"publish","type":"post","link":"https:\/\/obiaddlataty.pl\/index.php\/2018\/08\/27\/krucha-tarta-z-budyniem-i-mascarpone\/","title":{"rendered":"Krucha tarta z budyniem i mascarpone"},"content":{"rendered":"<p><img loading=\"lazy\" decoding=\"async\" class=\"alignnone wp-image-1351 size-large\" src=\"https:\/\/obiaddlataty.pl\/wp-content\/uploads\/2018\/08\/krucha-tarta-z-budyniem-i-mascarpone-1024x691.jpg\" alt=\"Krucha tarta z budyniem i mascarpone\" width=\"625\" height=\"422\" srcset=\"https:\/\/obiaddlataty.pl\/wp-content\/uploads\/2018\/08\/krucha-tarta-z-budyniem-i-mascarpone-1024x691.jpg 1024w, https:\/\/obiaddlataty.pl\/wp-content\/uploads\/2018\/08\/krucha-tarta-z-budyniem-i-mascarpone-scaled-600x405.jpg 600w, https:\/\/obiaddlataty.pl\/wp-content\/uploads\/2018\/08\/krucha-tarta-z-budyniem-i-mascarpone-300x203.jpg 300w, https:\/\/obiaddlataty.pl\/wp-content\/uploads\/2018\/08\/krucha-tarta-z-budyniem-i-mascarpone-768x519.jpg 768w, https:\/\/obiaddlataty.pl\/wp-content\/uploads\/2018\/08\/krucha-tarta-z-budyniem-i-mascarpone-960x648.jpg 960w\" sizes=\"auto, (max-width: 625px) 100vw, 625px\" \/><\/p>\n<p>Sk\u0142adniki:<\/p>\n<p>Ciasto:<\/p>\n<ul>\n<li>200 g. m\u0105ki pszennej<\/li>\n<li>100 g. zimnego mas\u0142a<\/li>\n<li>1 \u015brednie jajko<\/li>\n<li>Cukier wanilinowy<\/li>\n<li>Szczypta soli<\/li>\n<\/ul>\n<p>Krem:<\/p>\n<ul>\n<li>500 ml. mleka<\/li>\n<li>2 proszki budyniowe \u015bmietankowe<\/li>\n<li>250 g mascarpone<\/li>\n<li>3 \u0142y\u017cki cukru pudru<\/li>\n<li>Owoce do dekoracji<\/li>\n<\/ul>\n<p><!--more--><\/p>\n<p>Wykonanie:<\/p>\n<p>M\u0105k\u0119 przesia\u0107 z odrobin\u0105 soli. Doda\u0107 zimne mas\u0142o i posieka\u0107 no\u017cem. Doda\u0107 cukier wanilinowy i rozciera\u0107 w palcach mas\u0142o z m\u0105k\u0105 tak, aby wch\u0142on\u0119\u0142a t\u0142uszcz. Nast\u0119pnie doda\u0107 jajko i zagnie\u015b\u0107 ciasto na g\u0142adk\u0105 kul\u0119. Zawin\u0105\u0107 w foli\u0119 spo\u017cywcz\u0105 i wstawi\u0107 do lod\u00f3wki na ok. 30 min.<\/p>\n<p>Z p\u00f3\u0142 litra mleka odla\u0107 odrobin\u0119 do szklanki i rozpu\u015bci\u0107 w nim proszki budyniowe. Reszt\u0119 zagotowa\u0107. Do gotuj\u0105cego si\u0119 mleka wla\u0107 budy\u0144 i miesza\u0107 energicznym ruchem. Zestawi\u0107 z ognia ca\u0142y czas mieszajac tak, aby nie zrobi\u0142y si\u0119 grudki. Odstawi\u0107 do ostygni\u0119cia.<\/p>\n<p>Form\u0119 do tarty wysmarowan\u0105 odrobin\u0105 mas\u0142a, wyklei\u0107 delikatnie rozwa\u0142kowanym ciastem. Nak\u0142u\u0107 widelcem sp\u00f3d i boki i wstawi\u0107 do nagrzanego piekarnika na ok 20 min. 180 stopni \u00a0(do zarumienienia). Ciasto ostudzi\u0107.<\/p>\n<p>Ostudzony budy\u0144 po\u0142\u0105czy\u0107 z mascarpone i cukrem pudrem za pomoc\u0105 miksera aby powsta\u0142 budyniowy krem. Wyla\u0107 krem na ostudzony kruchy sp\u00f3d i wstawi\u0107 do lod\u00f3wki na ok 2-3 h. Po tym czasie udekorowa\u0107 \u015bwie\u017cymi owocami lub tart\u0105 czekolad\u0105.<\/p>\n","protected":false},"excerpt":{"rendered":"<p>Sk\u0142adniki: Ciasto: 200 g. m\u0105ki pszennej 100 g. zimnego mas\u0142a 1 \u015brednie jajko Cukier wanilinowy Szczypta soli Krem: 500 ml. mleka 2 proszki budyniowe \u015bmietankowe 250 g mascarpone 3 \u0142y\u017cki cukru pudru Owoce do dekoracji<\/p>\n","protected":false},"author":1,"featured_media":1351,"comment_status":"open","ping_status":"open","sticky":false,"template":"","format":"standard","meta":{"footnotes":""},"categories":[7],"tags":[183,154,285,124,286,284],"class_list":["post-1343","post","type-post","status-publish","format-standard","has-post-thumbnail","category-deser","tag-budyn","tag-kruche-ciasto","tag-mascarpone","tag-owoce","tag-quiche","tag-tarta","h-entry","hentry","h-as-article"],"aioseo_notices":[],"aioseo_head":"\n\t\t<!-- All in One SEO 5.0.1 - aioseo.com -->\n\t<meta name=\"description\" content=\"Przepis na pyszny deser w postaci kruchej tarty z budyniem i mascarpone na kruchym spodzie.\" \/>\n\t<meta name=\"robots\" content=\"max-snippet:-1, max-image-preview:large, max-video-preview:-1\" \/>\n\t<meta name=\"author\" content=\"Sylwia\"\/>\n\t<link rel=\"canonical\" href=\"https:\/\/obiaddlataty.pl\/index.php\/2018\/08\/27\/krucha-tarta-z-budyniem-i-mascarpone\/\" \/>\n\t<meta name=\"generator\" content=\"All in One SEO (AIOSEO) 5.0.1\" \/>\n\t\t<meta property=\"og:locale\" content=\"pl_PL\" \/>\n\t\t<meta property=\"og:site_name\" content=\"Obiad dla Taty | Gotuj z Dro\u017cd\u017c\u00f3wk\u0105\" \/>\n\t\t<meta property=\"og:type\" content=\"article\" \/>\n\t\t<meta property=\"og:title\" content=\"Krucha tarta z budyniem i mascarpone | Obiad dla Taty\" \/>\n\t\t<meta property=\"og:description\" content=\"Przepis na pyszny deser w postaci kruchej tarty z budyniem i mascarpone na kruchym spodzie.\" \/>\n\t\t<meta property=\"og:url\" content=\"https:\/\/obiaddlataty.pl\/index.php\/2018\/08\/27\/krucha-tarta-z-budyniem-i-mascarpone\/\" \/>\n\t\t<meta property=\"article:published_time\" content=\"2018-08-27T09:30:24+00:00\" \/>\n\t\t<meta property=\"article:modified_time\" content=\"2018-08-31T12:05:22+00:00\" \/>\n\t\t<meta name=\"twitter:card\" content=\"summary\" \/>\n\t\t<meta name=\"twitter:title\" content=\"Krucha tarta z budyniem i mascarpone | Obiad dla Taty\" \/>\n\t\t<meta name=\"twitter:description\" content=\"Przepis na pyszny deser w postaci kruchej tarty z budyniem i mascarpone na kruchym spodzie.\" \/>\n\t\t<script type=\"application\/ld+json\" class=\"aioseo-schema\">\n\t\t\t{\"@context\":\"https:\\\/\\\/schema.org\",\"@graph\":[{\"@type\":\"Article\",\"@id\":\"https:\\\/\\\/obiaddlataty.pl\\\/index.php\\\/2018\\\/08\\\/27\\\/krucha-tarta-z-budyniem-i-mascarpone\\\/#article\",\"name\":\"Krucha tarta z budyniem i mascarpone | Obiad dla Taty\",\"headline\":\"Krucha tarta z budyniem i mascarpone\",\"author\":{\"@id\":\"https:\\\/\\\/obiaddlataty.pl\\\/index.php\\\/author\\\/sylwia\\\/#author\"},\"publisher\":{\"@id\":\"https:\\\/\\\/obiaddlataty.pl\\\/#organization\"},\"image\":{\"@type\":\"ImageObject\",\"url\":\"https:\\\/\\\/obiaddlataty.pl\\\/wp-content\\\/uploads\\\/2018\\\/08\\\/krucha-tarta-z-budyniem-i-mascarpone-scaled.jpg\",\"width\":2560,\"height\":1729,\"caption\":\"Krucha tarta z budyniem i mascarpone\"},\"datePublished\":\"2018-08-27T11:30:24+02:00\",\"dateModified\":\"2018-08-31T14:05:22+02:00\",\"inLanguage\":\"pl-PL\",\"commentCount\":28,\"mainEntityOfPage\":{\"@id\":\"https:\\\/\\\/obiaddlataty.pl\\\/index.php\\\/2018\\\/08\\\/27\\\/krucha-tarta-z-budyniem-i-mascarpone\\\/#webpage\"},\"isPartOf\":{\"@id\":\"https:\\\/\\\/obiaddlataty.pl\\\/index.php\\\/2018\\\/08\\\/27\\\/krucha-tarta-z-budyniem-i-mascarpone\\\/#webpage\"},\"articleSection\":\"Deser, Budy\\u0144, Kruche ciasto, mascarpone, Owoce, quiche, tarta\"},{\"@type\":\"BreadcrumbList\",\"@id\":\"https:\\\/\\\/obiaddlataty.pl\\\/index.php\\\/2018\\\/08\\\/27\\\/krucha-tarta-z-budyniem-i-mascarpone\\\/#breadcrumblist\",\"itemListElement\":[{\"@type\":\"ListItem\",\"@id\":\"https:\\\/\\\/obiaddlataty.pl#listItem\",\"position\":1,\"name\":\"Home\",\"item\":\"https:\\\/\\\/obiaddlataty.pl\",\"nextItem\":{\"@type\":\"ListItem\",\"@id\":\"https:\\\/\\\/obiaddlataty.pl\\\/index.php\\\/category\\\/deser\\\/#listItem\",\"name\":\"Deser\"}},{\"@type\":\"ListItem\",\"@id\":\"https:\\\/\\\/obiaddlataty.pl\\\/index.php\\\/category\\\/deser\\\/#listItem\",\"position\":2,\"name\":\"Deser\",\"item\":\"https:\\\/\\\/obiaddlataty.pl\\\/index.php\\\/category\\\/deser\\\/\",\"nextItem\":{\"@type\":\"ListItem\",\"@id\":\"https:\\\/\\\/obiaddlataty.pl\\\/index.php\\\/2018\\\/08\\\/27\\\/krucha-tarta-z-budyniem-i-mascarpone\\\/#listItem\",\"name\":\"Krucha tarta z budyniem i mascarpone\"},\"previousItem\":{\"@type\":\"ListItem\",\"@id\":\"https:\\\/\\\/obiaddlataty.pl#listItem\",\"name\":\"Home\"}},{\"@type\":\"ListItem\",\"@id\":\"https:\\\/\\\/obiaddlataty.pl\\\/index.php\\\/2018\\\/08\\\/27\\\/krucha-tarta-z-budyniem-i-mascarpone\\\/#listItem\",\"position\":3,\"name\":\"Krucha tarta z budyniem i mascarpone\",\"previousItem\":{\"@type\":\"ListItem\",\"@id\":\"https:\\\/\\\/obiaddlataty.pl\\\/index.php\\\/category\\\/deser\\\/#listItem\",\"name\":\"Deser\"}}]},{\"@type\":\"Organization\",\"@id\":\"https:\\\/\\\/obiaddlataty.pl\\\/#organization\",\"name\":\"Obiad dla Taty\",\"description\":\"Gotuj z Dro\\u017cd\\u017c\\u00f3wk\\u0105\",\"url\":\"https:\\\/\\\/obiaddlataty.pl\\\/\"},{\"@type\":\"Person\",\"@id\":\"https:\\\/\\\/obiaddlataty.pl\\\/index.php\\\/author\\\/sylwia\\\/#author\",\"url\":\"https:\\\/\\\/obiaddlataty.pl\\\/index.php\\\/author\\\/sylwia\\\/\",\"name\":\"Sylwia\",\"image\":{\"@type\":\"ImageObject\",\"@id\":\"https:\\\/\\\/obiaddlataty.pl\\\/index.php\\\/2018\\\/08\\\/27\\\/krucha-tarta-z-budyniem-i-mascarpone\\\/#authorImage\",\"url\":\"https:\\\/\\\/secure.gravatar.com\\\/avatar\\\/ef83cb8744d673fc67111721e6adf30a7d081220393d85953aee09b4d2f95db7?s=96&d=mm&r=g\",\"width\":96,\"height\":96,\"caption\":\"Sylwia\"}},{\"@type\":\"WebPage\",\"@id\":\"https:\\\/\\\/obiaddlataty.pl\\\/index.php\\\/2018\\\/08\\\/27\\\/krucha-tarta-z-budyniem-i-mascarpone\\\/#webpage\",\"url\":\"https:\\\/\\\/obiaddlataty.pl\\\/index.php\\\/2018\\\/08\\\/27\\\/krucha-tarta-z-budyniem-i-mascarpone\\\/\",\"name\":\"Krucha tarta z budyniem i mascarpone | Obiad dla Taty\",\"description\":\"Przepis na pyszny deser w postaci kruchej tarty z budyniem i mascarpone na kruchym spodzie.\",\"inLanguage\":\"pl-PL\",\"isPartOf\":{\"@id\":\"https:\\\/\\\/obiaddlataty.pl\\\/#website\"},\"breadcrumb\":{\"@id\":\"https:\\\/\\\/obiaddlataty.pl\\\/index.php\\\/2018\\\/08\\\/27\\\/krucha-tarta-z-budyniem-i-mascarpone\\\/#breadcrumblist\"},\"author\":{\"@id\":\"https:\\\/\\\/obiaddlataty.pl\\\/index.php\\\/author\\\/sylwia\\\/#author\"},\"creator\":{\"@id\":\"https:\\\/\\\/obiaddlataty.pl\\\/index.php\\\/author\\\/sylwia\\\/#author\"},\"image\":{\"@type\":\"ImageObject\",\"url\":\"https:\\\/\\\/obiaddlataty.pl\\\/wp-content\\\/uploads\\\/2018\\\/08\\\/krucha-tarta-z-budyniem-i-mascarpone-scaled.jpg\",\"@id\":\"https:\\\/\\\/obiaddlataty.pl\\\/index.php\\\/2018\\\/08\\\/27\\\/krucha-tarta-z-budyniem-i-mascarpone\\\/#mainImage\",\"width\":2560,\"height\":1729,\"caption\":\"Krucha tarta z budyniem i mascarpone\"},\"primaryImageOfPage\":{\"@id\":\"https:\\\/\\\/obiaddlataty.pl\\\/index.php\\\/2018\\\/08\\\/27\\\/krucha-tarta-z-budyniem-i-mascarpone\\\/#mainImage\"},\"datePublished\":\"2018-08-27T11:30:24+02:00\",\"dateModified\":\"2018-08-31T14:05:22+02:00\"},{\"@type\":\"WebSite\",\"@id\":\"https:\\\/\\\/obiaddlataty.pl\\\/#website\",\"url\":\"https:\\\/\\\/obiaddlataty.pl\\\/\",\"name\":\"Obiad dla Taty\",\"description\":\"Gotuj z Dro\\u017cd\\u017c\\u00f3wk\\u0105\",\"inLanguage\":\"pl-PL\",\"publisher\":{\"@id\":\"https:\\\/\\\/obiaddlataty.pl\\\/#organization\"}}]}\n\t\t<\/script>\n\t\t<!-- All in One SEO -->\n\n","aioseo_head_json":{"title":"Krucha tarta z budyniem i mascarpone | Obiad dla Taty","description":"Przepis na pyszny deser w postaci kruchej tarty z budyniem i mascarpone na kruchym spodzie.","canonical_url":"https:\/\/obiaddlataty.pl\/index.php\/2018\/08\/27\/krucha-tarta-z-budyniem-i-mascarpone\/","robots":"max-snippet:-1, max-image-preview:large, max-video-preview:-1","keywords":"","webmasterTools":{"miscellaneous":""},"schema":{"@context":"https:\/\/schema.org","@graph":[{"@type":"Article","@id":"https:\/\/obiaddlataty.pl\/index.php\/2018\/08\/27\/krucha-tarta-z-budyniem-i-mascarpone\/#article","name":"Krucha tarta z budyniem i mascarpone | Obiad dla Taty","headline":"Krucha tarta z budyniem i mascarpone","author":{"@id":"https:\/\/obiaddlataty.pl\/index.php\/author\/sylwia\/#author"},"publisher":{"@id":"https:\/\/obiaddlataty.pl\/#organization"},"image":{"@type":"ImageObject","url":"https:\/\/obiaddlataty.pl\/wp-content\/uploads\/2018\/08\/krucha-tarta-z-budyniem-i-mascarpone-scaled.jpg","width":2560,"height":1729,"caption":"Krucha tarta z budyniem i mascarpone"},"datePublished":"2018-08-27T11:30:24+02:00","dateModified":"2018-08-31T14:05:22+02:00","inLanguage":"pl-PL","commentCount":28,"mainEntityOfPage":{"@id":"https:\/\/obiaddlataty.pl\/index.php\/2018\/08\/27\/krucha-tarta-z-budyniem-i-mascarpone\/#webpage"},"isPartOf":{"@id":"https:\/\/obiaddlataty.pl\/index.php\/2018\/08\/27\/krucha-tarta-z-budyniem-i-mascarpone\/#webpage"},"articleSection":"Deser, Budy\u0144, Kruche ciasto, mascarpone, Owoce, quiche, tarta"},{"@type":"BreadcrumbList","@id":"https:\/\/obiaddlataty.pl\/index.php\/2018\/08\/27\/krucha-tarta-z-budyniem-i-mascarpone\/#breadcrumblist","itemListElement":[{"@type":"ListItem","@id":"https:\/\/obiaddlataty.pl#listItem","position":1,"name":"Home","item":"https:\/\/obiaddlataty.pl","nextItem":{"@type":"ListItem","@id":"https:\/\/obiaddlataty.pl\/index.php\/category\/deser\/#listItem","name":"Deser"}},{"@type":"ListItem","@id":"https:\/\/obiaddlataty.pl\/index.php\/category\/deser\/#listItem","position":2,"name":"Deser","item":"https:\/\/obiaddlataty.pl\/index.php\/category\/deser\/","nextItem":{"@type":"ListItem","@id":"https:\/\/obiaddlataty.pl\/index.php\/2018\/08\/27\/krucha-tarta-z-budyniem-i-mascarpone\/#listItem","name":"Krucha tarta z budyniem i mascarpone"},"previousItem":{"@type":"ListItem","@id":"https:\/\/obiaddlataty.pl#listItem","name":"Home"}},{"@type":"ListItem","@id":"https:\/\/obiaddlataty.pl\/index.php\/2018\/08\/27\/krucha-tarta-z-budyniem-i-mascarpone\/#listItem","position":3,"name":"Krucha tarta z budyniem i mascarpone","previousItem":{"@type":"ListItem","@id":"https:\/\/obiaddlataty.pl\/index.php\/category\/deser\/#listItem","name":"Deser"}}]},{"@type":"Organization","@id":"https:\/\/obiaddlataty.pl\/#organization","name":"Obiad dla Taty","description":"Gotuj z Dro\u017cd\u017c\u00f3wk\u0105","url":"https:\/\/obiaddlataty.pl\/"},{"@type":"Person","@id":"https:\/\/obiaddlataty.pl\/index.php\/author\/sylwia\/#author","url":"https:\/\/obiaddlataty.pl\/index.php\/author\/sylwia\/","name":"Sylwia","image":{"@type":"ImageObject","@id":"https:\/\/obiaddlataty.pl\/index.php\/2018\/08\/27\/krucha-tarta-z-budyniem-i-mascarpone\/#authorImage","url":"https:\/\/secure.gravatar.com\/avatar\/ef83cb8744d673fc67111721e6adf30a7d081220393d85953aee09b4d2f95db7?s=96&d=mm&r=g","width":96,"height":96,"caption":"Sylwia"}},{"@type":"WebPage","@id":"https:\/\/obiaddlataty.pl\/index.php\/2018\/08\/27\/krucha-tarta-z-budyniem-i-mascarpone\/#webpage","url":"https:\/\/obiaddlataty.pl\/index.php\/2018\/08\/27\/krucha-tarta-z-budyniem-i-mascarpone\/","name":"Krucha tarta z budyniem i mascarpone | Obiad dla Taty","description":"Przepis na pyszny deser w postaci kruchej tarty z budyniem i mascarpone na kruchym spodzie.","inLanguage":"pl-PL","isPartOf":{"@id":"https:\/\/obiaddlataty.pl\/#website"},"breadcrumb":{"@id":"https:\/\/obiaddlataty.pl\/index.php\/2018\/08\/27\/krucha-tarta-z-budyniem-i-mascarpone\/#breadcrumblist"},"author":{"@id":"https:\/\/obiaddlataty.pl\/index.php\/author\/sylwia\/#author"},"creator":{"@id":"https:\/\/obiaddlataty.pl\/index.php\/author\/sylwia\/#author"},"image":{"@type":"ImageObject","url":"https:\/\/obiaddlataty.pl\/wp-content\/uploads\/2018\/08\/krucha-tarta-z-budyniem-i-mascarpone-scaled.jpg","@id":"https:\/\/obiaddlataty.pl\/index.php\/2018\/08\/27\/krucha-tarta-z-budyniem-i-mascarpone\/#mainImage","width":2560,"height":1729,"caption":"Krucha tarta z budyniem i mascarpone"},"primaryImageOfPage":{"@id":"https:\/\/obiaddlataty.pl\/index.php\/2018\/08\/27\/krucha-tarta-z-budyniem-i-mascarpone\/#mainImage"},"datePublished":"2018-08-27T11:30:24+02:00","dateModified":"2018-08-31T14:05:22+02:00"},{"@type":"WebSite","@id":"https:\/\/obiaddlataty.pl\/#website","url":"https:\/\/obiaddlataty.pl\/","name":"Obiad dla Taty","description":"Gotuj z Dro\u017cd\u017c\u00f3wk\u0105","inLanguage":"pl-PL","publisher":{"@id":"https:\/\/obiaddlataty.pl\/#organization"}}]},"og:locale":"pl_PL","og:site_name":"Obiad dla Taty | Gotuj z Dro\u017cd\u017c\u00f3wk\u0105","og:type":"article","og:title":"Krucha tarta z budyniem i mascarpone | Obiad dla Taty","og:description":"Przepis na pyszny deser w postaci kruchej tarty z budyniem i mascarpone na kruchym spodzie.","og:url":"https:\/\/obiaddlataty.pl\/index.php\/2018\/08\/27\/krucha-tarta-z-budyniem-i-mascarpone\/","article:published_time":"2018-08-27T09:30:24+00:00","article:modified_time":"2018-08-31T12:05:22+00:00","twitter:card":"summary","twitter:title":"Krucha tarta z budyniem i mascarpone | Obiad dla Taty","twitter:description":"Przepis na pyszny deser w postaci kruchej tarty z budyniem i mascarpone na kruchym spodzie."},"aioseo_meta_data":{"post_id":"1343","title":null,"description":"Przepis na pyszny deser w postaci kruchej tarty z budyniem i mascarpone na kruchym spodzie.","keywords":null,"keyphrases":null,"primary_term":null,"canonical_url":null,"og_title":null,"og_description":null,"og_object_type":"default","og_image_type":"default","og_image_url":null,"og_image_width":null,"og_image_height":null,"og_image_custom_url":null,"og_image_custom_fields":null,"og_video":null,"og_custom_url":null,"og_article_section":null,"og_article_tags":null,"twitter_use_og":false,"twitter_card":"default","twitter_image_type":"default","twitter_image_url":null,"twitter_image_custom_url":null,"twitter_image_custom_fields":null,"twitter_title":null,"twitter_description":null,"schema":{"blockGraphs":[],"customGraphs":[],"default":{"data":{"Article":[],"Course":[],"Dataset":[],"FAQPage":[],"Movie":[],"Person":[],"Product":[],"ProductReview":[],"Car":[],"Recipe":[],"Service":[],"SoftwareApplication":[],"WebPage":[]},"graphName":"","isEnabled":true},"graphs":[]},"schema_type":null,"schema_type_options":null,"pillar_content":false,"robots_default":true,"robots_noindex":false,"robots_noarchive":false,"robots_nosnippet":false,"robots_nofollow":false,"robots_noimageindex":false,"robots_noodp":false,"robots_notranslate":false,"robots_max_snippet":null,"robots_max_videopreview":null,"robots_max_imagepreview":"large","priority":null,"frequency":null,"location":null,"local_seo":null,"breadcrumb_settings":null,"limit_modified_date":false,"ai":null,"created":"2021-03-27 09:52:15","updated":"2022-09-19 09:24:07","focus_keyword":null,"additional_keywords":null,"truseo_locale":null,"seo_analyzer_scan_date":null},"_links":{"self":[{"href":"https:\/\/obiaddlataty.pl\/index.php\/wp-json\/wp\/v2\/posts\/1343","targetHints":{"allow":["GET"]}}],"collection":[{"href":"https:\/\/obiaddlataty.pl\/index.php\/wp-json\/wp\/v2\/posts"}],"about":[{"href":"https:\/\/obiaddlataty.pl\/index.php\/wp-json\/wp\/v2\/types\/post"}],"author":[{"embeddable":true,"href":"https:\/\/obiaddlataty.pl\/index.php\/wp-json\/wp\/v2\/users\/1"}],"replies":[{"embeddable":true,"href":"https:\/\/obiaddlataty.pl\/index.php\/wp-json\/wp\/v2\/comments?post=1343"}],"version-history":[{"count":0,"href":"https:\/\/obiaddlataty.pl\/index.php\/wp-json\/wp\/v2\/posts\/1343\/revisions"}],"wp:featuredmedia":[{"embeddable":true,"href":"https:\/\/obiaddlataty.pl\/index.php\/wp-json\/wp\/v2\/media\/1351"}],"wp:attachment":[{"href":"https:\/\/obiaddlataty.pl\/index.php\/wp-json\/wp\/v2\/media?parent=1343"}],"wp:term":[{"taxonomy":"category","embeddable":true,"href":"https:\/\/obiaddlataty.pl\/index.php\/wp-json\/wp\/v2\/categories?post=1343"},{"taxonomy":"post_tag","embeddable":true,"href":"https:\/\/obiaddlataty.pl\/index.php\/wp-json\/wp\/v2\/tags?post=1343"}],"curies":[{"name":"wp","href":"https:\/\/api.w.org\/{rel}","templated":true}]}}